{"id":5342,"date":"2026-08-24T13:39:21","date_gmt":"2026-08-24T11:39:21","guid":{"rendered":"https:\/\/grafikamojic.com\/?p=5342"},"modified":"2026-08-24T14:04:11","modified_gmt":"2026-08-24T12:04:11","slug":"sajam-grafike-u-beogradu-grafima-2026","status":"publish","type":"post","link":"https:\/\/grafikamojic.com\/sq\/2026\/08\/24\/sajam-grafike-u-beogradu-grafima-2026\/","title":{"rendered":"Sajam grafike u Beogradu &#8211; GRAFIMA 2026"},"content":{"rendered":"\n<p>POZIVNICA<\/p>\n<div class=\"is-divider divider clearfix\" style=\"max-width:50px;background-color:#cf1717;\"><\/div>\n\n<h2 class=\"uppercase\"><strong>46. ME\u0110UNARODNI SAJAM GRAFI\u010cKE INDUSTRIJE<\/strong><\/h2>\n\t<div id=\"text-752305757\" class=\"text\">\n\t\t\n\n<h2>Grafima 2026<\/h2>\n\t\t\n<style>\n#text-752305757 {\n  color: #cf1717;\n}\n#text-752305757 > * {\n  color: #cf1717;\n}\n<\/style>\n\t<\/div>\n\t\n<div class=\"is-divider divider clearfix\" style=\"max-width:750px;background-color:#cf1717;\"><\/div>\n\n<div class=\"row\"  id=\"row-2005825312\">\n\n\n\t<div id=\"col-291202023\" class=\"col medium-6 small-12 large-6\"  >\n\t\t\t\t<div class=\"col-inner text-left\"  >\n\t\t\t\n\t\t\t\n\n<h3>Po\u0161tovani,<\/h3>\n<p>pozivamo Vas da nas posjetite na <strong>46. sajmu Grafike GRAFIMA 2026<\/strong>, koji \u0107e biti odr\u017ean u Beogradu od\u00a0<strong>16. do 19. septembra 2026. godine.<\/strong><\/p>\n<p>Bi\u0107e nam zadovoljstvo da se susretnemo i predstavimo Vam\u00a0<strong>najnovija rje\u0161enja, proizvode i tehnologije<\/strong> iz oblasti grafi\u010dke industrije, laserskog graviranja, ozna\u010davanja i prate\u0107e opreme.<\/p>\n\n\t\t<\/div>\n\t\t\t\t\t<\/div>\n\n\t\n\n\t<div id=\"col-2042901912\" class=\"col medium-6 small-12 large-6\"  >\n\t\t\t\t<div class=\"col-inner\"  >\n\t\t\t\n\t\t\t\n\n\t<div class=\"img has-hover x md-x lg-x y md-y lg-y\" id=\"image_1517003845\">\n\t\t<a class=\"\" href=\"https:\/\/grafikamojic.com\/mt-f20-ii-mitril-galvo-fiber-laser\/\" target=\"_blank\" rel=\"noopener\" >\t\t\t\t\t\t<div class=\"img-inner image-zoom dark\" style=\"margin:0px 0px 0px 0px;\">\n\t\t\t<img loading=\"lazy\" decoding=\"async\" width=\"354\" height=\"400\" src=\"https:\/\/grafikamojic.com\/wp-content\/uploads\/2026\/01\/MT-F60-II-1-354x400.jpg\" class=\"attachment-medium size-medium\" alt=\"\" srcset=\"https:\/\/grafikamojic.com\/wp-content\/uploads\/2026\/01\/MT-F60-II-1-354x400.jpg 354w, https:\/\/grafikamojic.com\/wp-content\/uploads\/2026\/01\/MT-F60-II-1-707x800.jpg 707w, https:\/\/grafikamojic.com\/wp-content\/uploads\/2026\/01\/MT-F60-II-1-768x869.jpg 768w, https:\/\/grafikamojic.com\/wp-content\/uploads\/2026\/01\/MT-F60-II-1-1358x1536.jpg 1358w, https:\/\/grafikamojic.com\/wp-content\/uploads\/2026\/01\/MT-F60-II-1-1810x2048.jpg 1810w, https:\/\/grafikamojic.com\/wp-content\/uploads\/2026\/01\/MT-F60-II-1-800x905.jpg 800w\" sizes=\"auto, (max-width: 354px) 100vw, 354px\" \/>\t\t\t\t\t\t\n\t\t\t\t\t<\/div>\n\t\t\t\t\t\t<\/a>\t\t\n<style>\n#image_1517003845 {\n  width: 90%;\n}\n<\/style>\n\t<\/div>\n\t\n\n\n\t\t<\/div>\n\t\t\t\t\n<style>\n#col-2042901912 > .col-inner {\n  margin: 0px 0px -40px 0px;\n}\n<\/style>\n\t<\/div>\n\n\t\n\n<\/div>\n<div class=\"row\"  id=\"row-856901575\">\n\n\n\t<div id=\"col-836746486\" class=\"col medium-6 small-12 large-6\"  >\n\t\t\t\t<div class=\"col-inner\"  >\n\t\t\t\n\t\t\t\n\n\t<div class=\"img has-hover x md-x lg-x y md-y lg-y\" id=\"image_1474779582\">\n\t\t<a class=\"\" href=\"https:\/\/grafikamojic.com\/mitril-co2-laser-za-graviranje-i-sjecenje-mt-c1070\/\" target=\"_blank\" rel=\"noopener\" >\t\t\t\t\t\t<div class=\"img-inner image-zoom dark\" >\n\t\t\t<img loading=\"lazy\" decoding=\"async\" width=\"864\" height=\"800\" src=\"https:\/\/grafikamojic.com\/wp-content\/uploads\/2026\/01\/MT-C7050-864x800.jpg\" class=\"attachment-large size-large\" alt=\"Mitril CO2 laser\" srcset=\"https:\/\/grafikamojic.com\/wp-content\/uploads\/2026\/01\/MT-C7050-864x800.jpg 864w, https:\/\/grafikamojic.com\/wp-content\/uploads\/2026\/01\/MT-C7050-432x400.jpg 432w, https:\/\/grafikamojic.com\/wp-content\/uploads\/2026\/01\/MT-C7050-768x711.jpg 768w, https:\/\/grafikamojic.com\/wp-content\/uploads\/2026\/01\/MT-C7050-800x741.jpg 800w, https:\/\/grafikamojic.com\/wp-content\/uploads\/2026\/01\/MT-C7050.jpg 1080w\" sizes=\"auto, (max-width: 864px) 100vw, 864px\" \/>\t\t\t\t\t\t\n\t\t\t\t\t<\/div>\n\t\t\t\t\t\t<\/a>\t\t\n<style>\n#image_1474779582 {\n  width: 100%;\n}\n<\/style>\n\t<\/div>\n\t\n\n\n\t\t<\/div>\n\t\t\t\t\t<\/div>\n\n\t\n\n\t<div id=\"col-1510334054\" class=\"col medium-6 small-12 large-6\"  >\n\t\t\t\t<div class=\"col-inner\"  >\n\t\t\t\n\t\t\t\n\n\t<div class=\"img has-hover x md-x lg-x y md-y lg-y\" id=\"image_1980457465\">\n\t\t<a class=\"\" href=\"https:\/\/grafikamojic.com\/2026\/05\/19\/trotec-e340-co2-laser-za-sjecenje-i-graviranje-e-linija\/\" target=\"_blank\" rel=\"noopener\" >\t\t\t\t\t\t<div class=\"img-inner image-zoom dark\" >\n\t\t\t<img loading=\"lazy\" decoding=\"async\" width=\"1020\" height=\"749\" src=\"https:\/\/grafikamojic.com\/wp-content\/uploads\/2026\/08\/E340_title-1090x800.png\" class=\"attachment-large size-large\" alt=\"\" srcset=\"https:\/\/grafikamojic.com\/wp-content\/uploads\/2026\/08\/E340_title-1090x800.png 1090w, https:\/\/grafikamojic.com\/wp-content\/uploads\/2026\/08\/E340_title-545x400.png 545w, https:\/\/grafikamojic.com\/wp-content\/uploads\/2026\/08\/E340_title-768x563.png 768w, https:\/\/grafikamojic.com\/wp-content\/uploads\/2026\/08\/E340_title-1536x1127.png 1536w, https:\/\/grafikamojic.com\/wp-content\/uploads\/2026\/08\/E340_title-2048x1503.png 2048w, https:\/\/grafikamojic.com\/wp-content\/uploads\/2026\/08\/E340_title-800x587.png 800w\" sizes=\"auto, (max-width: 1020px) 100vw, 1020px\" \/>\t\t\t\t\t\t\n\t\t\t\t\t<\/div>\n\t\t\t\t\t\t<\/a>\t\t\n<style>\n#image_1980457465 {\n  width: 100%;\n}\n<\/style>\n\t<\/div>\n\t\n\n\n\t\t<\/div>\n\t\t\t\t\t<\/div>\n\n\t\n\n<\/div>\n\n\n<title>GRAFIMA 2026 \u2013 Hala 4 \/ \u0160tand 4001<\/title>\n<style>\n  @import url('https:\/\/fonts.googleapis.com\/css2?family=Roboto:wght@400;500;700;800;900&display=swap');\n  body, table, td, p, a { -webkit-text-size-adjust:100%; -ms-text-size-adjust:100%; }\n  table, td { mso-table-lspace:0pt; mso-table-rspace:0pt; }\n  table { border-collapse:collapse !important; }\n  img { border:0; outline:none; text-decoration:none; display:block; }\n  @media only screen and (max-width:680px) {\n    .main-col { width:100% !important; display:block !important; }\n    .booth-col { width:100% !important; display:block !important; }\n    .content-col { width:100% !important; display:block !important; }\n    .booth-pad { padding:28px 30px !important; }\n    .content-pad { padding:26px 30px 24px 30px !important; }\n    .cta-title { font-size:25px !important; }\n  }\n<\/style>\n\n\n\n\n<center style=\"width:100%; background:#f2f2f2;\">\n<table role=\"presentation\" width=\"100%\" cellpadding=\"0\" cellspacing=\"0\" border=\"0\">\n<tbody><tr>\n<td align=\"center\">\n\n<table role=\"presentation\" width=\"750\" cellpadding=\"0\" cellspacing=\"0\" border=\"0\" style=\"width:750px; max-width:750px; background:#ffffff;\">\n\n  <tbody><tr>\n    <!-- LEFT RED PANEL -->\n    <td class=\"booth-col main-col\" width=\"39%\" valign=\"top\" style=\"width:39%; background:#CF1717; padding:28px 30px 28px 30px;\">\n\n      <div style=\"font-family:Roboto, Arial, Helvetica, sans-serif;\n                  font-size:15px; line-height:1.2;\n                  font-weight:700; color:#ffffff;\">\n        NA\u0110ITE NAS\n      <\/div>\n\n      <div style=\"height:9px; line-height:9px;\">&nbsp;<\/div>\n\n      <div style=\"font-family:Roboto, Arial, Helvetica, sans-serif;\n                  font-size:36px; line-height:1;\n                  font-weight:800; color:#ffffff;\">\n        HALA 4\n      <\/div>\n\n      <div style=\"height:17px; line-height:17px;\n                  border-bottom:1px solid rgba(255,255,255,.65);\">\n        &nbsp;\n      <\/div>\n\n      <div style=\"height:17px; line-height:17px;\">&nbsp;<\/div>\n\n      <div style=\"font-family:Roboto, Arial, Helvetica, sans-serif;\n                  font-size:20px; line-height:1;\n                  font-weight:700; color:#ffffff;\">\n        \u0160TAND\n      <\/div>\n\n      <div style=\"height:6px; line-height:6px;\">&nbsp;<\/div>\n\n      <div style=\"font-family:Roboto, Arial, Helvetica, sans-serif;\n                  font-size:78px; line-height:.9;\n                  letter-spacing:-3px;\n                  font-weight:800; color:#ffffff;\">\n        4001\n      <\/div>\n\n      <div style=\"height:18px; line-height:18px;\n                  border-bottom:1px solid rgba(255,255,255,.65);\">\n        &nbsp;\n      <\/div>\n\n      <div style=\"height:17px; line-height:17px;\">&nbsp;<\/div>\n\n      <div style=\"font-family:Roboto, Arial, Helvetica, sans-serif;\n                  font-size:16px; line-height:1.3;\n                  font-weight:700; color:#ffffff;\">\n        16\u201319.<br>\n        SEPTEMBAR 2026.<br>\n        BEOGRAD\n      <\/div>\n    <\/td>\n\n    <!-- RIGHT CONTENT -->\n    <td class=\"content-col main-col\" width=\"61%\" valign=\"top\" style=\"width:61%; background:#ffffff; padding:25px 28px 24px 28px;\">\n\n      <div style=\"font-family:Roboto, Arial, Helvetica, sans-serif;\n                  font-size:21px; line-height:1.2;\n                  font-weight:800; color:#111111;\">\n        IZLA\u017dEMO SLJEDE\u0106E MA\u0160INE\n      <\/div>\n\n      <div style=\"width:48px; height:3px; background:#CF1717; margin:8px 0 14px 0;\"><\/div>\n\n      <!-- TROTEC -->\n      <div style=\"font-family:Roboto, Arial, Helvetica, sans-serif;\n                  font-size:18px; line-height:1.2;\n                  font-weight:800; color:#CF1717;\">\n        TROTEC E340\n      <\/div>\n\n      <div style=\"font-family:Roboto, Arial, Helvetica, sans-serif;\n                  font-size:17px; line-height:1.25;\n                  font-weight:800; color:#111111;\">\n        CO\u2082 LASER \u2022 60 W\n      <\/div>\n\n      <div style=\"font-family:Roboto, Arial, Helvetica, sans-serif;\n                  font-size:14px; line-height:1.4;\n                  color:#222222; margin-top:4px;\">\n        <strong style=\"background:#CF1717; color:#ffffff; padding:2px 4px;\">\n          PREMIJERNO \u2013 PRVI PUT U SRBIJI\n        <\/strong>\n        predstavljamo novu liniju Trotec lasera.\n      <\/div>\n\n      <div style=\"height:13px; line-height:13px; border-bottom:1px solid #d7d7d7;\">\n        &nbsp;\n      <\/div>\n\n      <!-- MITRIL CO2 -->\n      <div style=\"height:13px; line-height:13px;\">&nbsp;<\/div>\n\n      <div style=\"font-family:Roboto, Arial, Helvetica, sans-serif;\n                  font-size:18px; line-height:1.2;\n                  font-weight:800; color:black;\">\n        MITRIL CO\u2082 LASER \u2022 50 W\n      <\/div>\n\n      <div style=\"font-family:Roboto, Arial, Helvetica, sans-serif;\n                  font-size:14px; line-height:1.4;\n                  color:#222222; margin-top:4px;\">\n        Na\u0161 brend laserskih sistema sa\n        <strong style=\"color:#CF1717;\">RF laserskom cijevi<\/strong>\n        za profesionalno graviranje i sje\u010denje.\n      <\/div>\n\n      <div style=\"height:13px; line-height:13px; border-bottom:1px solid #d7d7d7;\">\n        &nbsp;\n      <\/div>\n\n      <!-- MITRIL FIBER -->\n      <div style=\"height:13px; line-height:13px;\">&nbsp;<\/div>\n\n      <div style=\"font-family:Roboto, Arial, Helvetica, sans-serif;\n                  font-size:18px; line-height:1.2;\n                  font-weight:800; color:black;\">\n        MITRIL FIBER LASER \u2022 60 W\n      <\/div>\n\n      <div style=\"font-family:Roboto, Arial, Helvetica, sans-serif;\n                  font-size:14px; line-height:1.4;\n                  color:#222222; margin-top:4px;\">\n        Na\u0161 brend laserskih sistema sa\n        <strong style=\"color:#CF1717;\">MOPA laserskim izvorom<\/strong>\n        za precizno ozna\u010davanje i graviranje metala.\n      <\/div>\n\n    <\/td>\n  <\/tr>\n\n  <!-- CTA -->\n  <tr>\n    <td colspan=\"2\" style=\"background:#CF1717; padding:18px 28px 17px 28px;\">\n      <table role=\"presentation\" width=\"100%\" cellpadding=\"0\" cellspacing=\"0\" border=\"0\">\n        <tbody><tr>\n          <td width=\"64\" valign=\"middle\" style=\"width:64px;\">\n            <div style=\"font-family:Roboto, Arial, Helvetica, sans-serif;\n                        font-size:28px; line-height:1;\n                        font-weight:400; color:#ffffff;\">\n              \u25ef\n            <\/div>\n          <\/td>\n          <td valign=\"middle\">\n            <div class=\"cta-title\" style=\"font-family:Roboto, Arial, Helvetica, sans-serif;\n                        font-size:29px; line-height:1.05;\n                        font-weight:800; color:#ffffff;\">\n              POSJETITE NAS NA NA\u0160EM \u0160TANDU\n            <\/div>\n            <div style=\"font-family:Roboto, Arial, Helvetica, sans-serif;\n                        font-size:15px; line-height:1.35;\n                        color:#ffffff; margin-top:4px;\">\n              Upoznajte tehnologije u\u017eivo. Razgovarajmo o Va\u0161em sljede\u0107em projektu.\n            <\/div>\n          <\/td>\n        <\/tr>\n      <\/tbody><\/table>\n    <\/td>\n  <\/tr>\n\n<\/tbody><\/table>\n\n<\/td>\n<\/tr>\n<\/tbody><\/table>\n<\/center>\n\n\n","protected":false},"excerpt":{"rendered":"","protected":false},"author":2,"featured_media":0,"comment_status":"closed","ping_status":"closed","sticky":false,"template":"","format":"standard","meta":{"footnotes":""},"categories":[18,1],"tags":[91,92,81,86,98,87,90,93,88],"class_list":["post-5342","post","type-post","status-publish","format-standard","hentry","category-mitril","category-trotec","tag-co2-laser","tag-fiber-laser","tag-laser","tag-lasersko-graviranje","tag-lasersko-markiranje","tag-lasersko-sjecenje","tag-mitril-laser","tag-mopa-laser","tag-trotec-laser"],"yoast_head":"<!-- This site is optimized with the Yoast SEO plugin v28.3 - https:\/\/yoast.com\/product\/yoast-seo-wordpress\/ -->\n<title>Sajam grafike u Beogradu - GRAFIMA 2026<\/title>\n<meta name=\"description\" content=\"GRAFIMA 2026 \u2013 sajam grafi\u010dke industrije u Beogradu, 16\u201319. septembar. Posjetite Moji\u0107 i Marking System na \u0161tandu 4001 u Hali 4.\" \/>\n<meta name=\"robots\" content=\"index, follow, max-snippet:-1, max-image-preview:large, max-video-preview:-1\" \/>\n<link rel=\"canonical\" href=\"https:\/\/grafikamojic.com\/sq\/2026\/08\/24\/sajam-grafike-u-beogradu-grafima-2026\/\" \/>\n<meta property=\"og:locale\" content=\"sq_AL\" \/>\n<meta property=\"og:locale:alternate\" content=\"en_US\" \/>\n<meta property=\"og:locale:alternate\" content=\"sr_RS\" \/>\n<meta property=\"og:locale:alternate\" content=\"bs_BA\" \/>\n<meta property=\"og:locale:alternate\" content=\"hr_HR\" \/>\n<meta property=\"og:type\" content=\"article\" \/>\n<meta property=\"og:title\" content=\"Sajam grafike u Beogradu - GRAFIMA 2026\" \/>\n<meta property=\"og:description\" content=\"GRAFIMA 2026 \u2013 sajam grafi\u010dke industrije u Beogradu, 16\u201319. septembar. Posjetite Moji\u0107 i Marking System na \u0161tandu 4001 u Hali 4.\" \/>\n<meta property=\"og:url\" content=\"https:\/\/grafikamojic.com\/sq\/2026\/08\/24\/sajam-grafike-u-beogradu-grafima-2026\/\" \/>\n<meta property=\"og:site_name\" content=\"Grafi\u010dke ma\u0161ine i repromaterijali\" \/>\n<meta property=\"article:published_time\" content=\"2026-08-24T11:39:21+00:00\" \/>\n<meta property=\"article:modified_time\" content=\"2026-08-24T12:04:11+00:00\" \/>\n<meta name=\"author\" content=\"Zlatko Pani\u0107\" \/>\n<meta name=\"twitter:card\" content=\"summary_large_image\" \/>\n<meta name=\"twitter:label1\" content=\"Written by\" \/>\n\t<meta name=\"twitter:data1\" content=\"Zlatko Pani\u0107\" \/>\n\t<meta name=\"twitter:label2\" content=\"Est. reading time\" \/>\n\t<meta name=\"twitter:data2\" content=\"1 minut\u00eb\" \/>\n<script type=\"application\/ld+json\" class=\"yoast-schema-graph\">{\"@context\":\"https:\\\/\\\/schema.org\",\"@graph\":[{\"@type\":\"Article\",\"@id\":\"https:\\\/\\\/grafikamojic.com\\\/2026\\\/08\\\/24\\\/sajam-grafike-u-beogradu-grafima-2026\\\/#article\",\"isPartOf\":{\"@id\":\"https:\\\/\\\/grafikamojic.com\\\/2026\\\/08\\\/24\\\/sajam-grafike-u-beogradu-grafima-2026\\\/\"},\"author\":{\"name\":\"Zlatko Pani\u0107\",\"@id\":\"https:\\\/\\\/grafikamojic.com\\\/#\\\/schema\\\/person\\\/bcb3c533aa7bcf19acab898e564a2514\"},\"headline\":\"Sajam grafike u Beogradu &#8211; GRAFIMA 2026\",\"datePublished\":\"2026-08-24T11:39:21+00:00\",\"dateModified\":\"2026-08-24T12:04:11+00:00\",\"mainEntityOfPage\":{\"@id\":\"https:\\\/\\\/grafikamojic.com\\\/2026\\\/08\\\/24\\\/sajam-grafike-u-beogradu-grafima-2026\\\/\"},\"wordCount\":268,\"keywords\":[\"CO2 laser\",\"Fiber laser\",\"Laser\",\"Lasersko graviranje\",\"lasersko markiranje\",\"Lasersko sje\u010denje\",\"Mitril laser\",\"MOPA laser\",\"Trotec laser\"],\"articleSection\":[\"Mitril laser\",\"Trotec laser\"],\"inLanguage\":\"sq\"},{\"@type\":\"WebPage\",\"@id\":\"https:\\\/\\\/grafikamojic.com\\\/2026\\\/08\\\/24\\\/sajam-grafike-u-beogradu-grafima-2026\\\/\",\"url\":\"https:\\\/\\\/grafikamojic.com\\\/2026\\\/08\\\/24\\\/sajam-grafike-u-beogradu-grafima-2026\\\/\",\"name\":\"Sajam grafike u Beogradu - GRAFIMA 2026\",\"isPartOf\":{\"@id\":\"https:\\\/\\\/grafikamojic.com\\\/#website\"},\"datePublished\":\"2026-08-24T11:39:21+00:00\",\"dateModified\":\"2026-08-24T12:04:11+00:00\",\"author\":{\"@id\":\"https:\\\/\\\/grafikamojic.com\\\/#\\\/schema\\\/person\\\/bcb3c533aa7bcf19acab898e564a2514\"},\"description\":\"GRAFIMA 2026 \u2013 sajam grafi\u010dke industrije u Beogradu, 16\u201319. septembar. Posjetite Moji\u0107 i Marking System na \u0161tandu 4001 u Hali 4.\",\"breadcrumb\":{\"@id\":\"https:\\\/\\\/grafikamojic.com\\\/2026\\\/08\\\/24\\\/sajam-grafike-u-beogradu-grafima-2026\\\/#breadcrumb\"},\"inLanguage\":\"sq\",\"potentialAction\":[{\"@type\":\"ReadAction\",\"target\":[\"https:\\\/\\\/grafikamojic.com\\\/2026\\\/08\\\/24\\\/sajam-grafike-u-beogradu-grafima-2026\\\/\"]}]},{\"@type\":\"BreadcrumbList\",\"@id\":\"https:\\\/\\\/grafikamojic.com\\\/2026\\\/08\\\/24\\\/sajam-grafike-u-beogradu-grafima-2026\\\/#breadcrumb\",\"itemListElement\":[{\"@type\":\"ListItem\",\"position\":1,\"name\":\"Home\",\"item\":\"https:\\\/\\\/grafikamojic.com\\\/\"},{\"@type\":\"ListItem\",\"position\":2,\"name\":\"Sajam grafike u Beogradu &#8211; GRAFIMA 2026\"}]},{\"@type\":\"WebSite\",\"@id\":\"https:\\\/\\\/grafikamojic.com\\\/#website\",\"url\":\"https:\\\/\\\/grafikamojic.com\\\/\",\"name\":\"Grafika i laseri\",\"description\":\"\",\"potentialAction\":[{\"@type\":\"SearchAction\",\"target\":{\"@type\":\"EntryPoint\",\"urlTemplate\":\"https:\\\/\\\/grafikamojic.com\\\/?s={search_term_string}\"},\"query-input\":{\"@type\":\"PropertyValueSpecification\",\"valueRequired\":true,\"valueName\":\"search_term_string\"}}],\"inLanguage\":\"sq\"},{\"@type\":\"Person\",\"@id\":\"https:\\\/\\\/grafikamojic.com\\\/#\\\/schema\\\/person\\\/bcb3c533aa7bcf19acab898e564a2514\",\"name\":\"Zlatko Pani\u0107\",\"sameAs\":[\"https:\\\/\\\/grafikamojic.com\\\/\"],\"url\":\"https:\\\/\\\/grafikamojic.com\\\/sq\\\/author\\\/zlatkop\\\/\"}]}<\/script>\n<!-- \/ Yoast SEO plugin. -->","yoast_head_json":{"title":"Sajam grafike u Beogradu - GRAFIMA 2026","description":"GRAFIMA 2026 \u2013 sajam grafi\u010dke industrije u Beogradu, 16\u201319. septembar. Posjetite Moji\u0107 i Marking System na \u0161tandu 4001 u Hali 4.","robots":{"index":"index","follow":"follow","max-snippet":"max-snippet:-1","max-image-preview":"max-image-preview:large","max-video-preview":"max-video-preview:-1"},"canonical":"https:\/\/grafikamojic.com\/sq\/2026\/08\/24\/sajam-grafike-u-beogradu-grafima-2026\/","og_locale":"sq_AL","og_type":"article","og_title":"[:bs]Sajam grafike u Beogradu - GRAFIMA 2026[:] - Grafi\u010dke ma\u0161ine i repromaterijali","og_description":"GRAFIMA 2026 \u2013 sajam grafi\u010dke industrije u Beogradu, 16\u201319. septembar. Posjetite Moji\u0107 i Marking System na \u0161tandu 4001 u Hali 4.","og_url":"https:\/\/grafikamojic.com\/sq\/2026\/08\/24\/sajam-grafike-u-beogradu-grafima-2026\/","og_site_name":"Grafi\u010dke ma\u0161ine i repromaterijali","article_published_time":"2026-08-24T11:39:21+00:00","article_modified_time":"2026-08-24T12:04:11+00:00","author":"Zlatko Pani\u0107","twitter_card":"summary_large_image","twitter_misc":{"Written by":"Zlatko Pani\u0107","Est. reading time":"1 minut\u00eb"},"schema":{"@context":"https:\/\/schema.org","@graph":[{"@type":"Article","@id":"https:\/\/grafikamojic.com\/2026\/08\/24\/sajam-grafike-u-beogradu-grafima-2026\/#article","isPartOf":{"@id":"https:\/\/grafikamojic.com\/2026\/08\/24\/sajam-grafike-u-beogradu-grafima-2026\/"},"author":{"name":"Zlatko Pani\u0107","@id":"https:\/\/grafikamojic.com\/#\/schema\/person\/bcb3c533aa7bcf19acab898e564a2514"},"headline":"Sajam grafike u Beogradu &#8211; GRAFIMA 2026","datePublished":"2026-08-24T11:39:21+00:00","dateModified":"2026-08-24T12:04:11+00:00","mainEntityOfPage":{"@id":"https:\/\/grafikamojic.com\/2026\/08\/24\/sajam-grafike-u-beogradu-grafima-2026\/"},"wordCount":268,"keywords":["CO2 laser","Fiber laser","Laser","Lasersko graviranje","lasersko markiranje","Lasersko sje\u010denje","Mitril laser","MOPA laser","Trotec laser"],"articleSection":["Mitril laser","Trotec laser"],"inLanguage":"sq"},{"@type":"WebPage","@id":"https:\/\/grafikamojic.com\/2026\/08\/24\/sajam-grafike-u-beogradu-grafima-2026\/","url":"https:\/\/grafikamojic.com\/2026\/08\/24\/sajam-grafike-u-beogradu-grafima-2026\/","name":"Sajam grafike u Beogradu - GRAFIMA 2026","isPartOf":{"@id":"https:\/\/grafikamojic.com\/#website"},"datePublished":"2026-08-24T11:39:21+00:00","dateModified":"2026-08-24T12:04:11+00:00","author":{"@id":"https:\/\/grafikamojic.com\/#\/schema\/person\/bcb3c533aa7bcf19acab898e564a2514"},"description":"GRAFIMA 2026 \u2013 sajam grafi\u010dke industrije u Beogradu, 16\u201319. septembar. Posjetite Moji\u0107 i Marking System na \u0161tandu 4001 u Hali 4.","breadcrumb":{"@id":"https:\/\/grafikamojic.com\/2026\/08\/24\/sajam-grafike-u-beogradu-grafima-2026\/#breadcrumb"},"inLanguage":"sq","potentialAction":[{"@type":"ReadAction","target":["https:\/\/grafikamojic.com\/2026\/08\/24\/sajam-grafike-u-beogradu-grafima-2026\/"]}]},{"@type":"BreadcrumbList","@id":"https:\/\/grafikamojic.com\/2026\/08\/24\/sajam-grafike-u-beogradu-grafima-2026\/#breadcrumb","itemListElement":[{"@type":"ListItem","position":1,"name":"Home","item":"https:\/\/grafikamojic.com\/"},{"@type":"ListItem","position":2,"name":"Sajam grafike u Beogradu &#8211; GRAFIMA 2026"}]},{"@type":"WebSite","@id":"https:\/\/grafikamojic.com\/#website","url":"https:\/\/grafikamojic.com\/","name":"Grafika i laseri","description":"","potentialAction":[{"@type":"SearchAction","target":{"@type":"EntryPoint","urlTemplate":"https:\/\/grafikamojic.com\/?s={search_term_string}"},"query-input":{"@type":"PropertyValueSpecification","valueRequired":true,"valueName":"search_term_string"}}],"inLanguage":"sq"},{"@type":"Person","@id":"https:\/\/grafikamojic.com\/#\/schema\/person\/bcb3c533aa7bcf19acab898e564a2514","name":"Zlatko Pani\u0107","sameAs":["https:\/\/grafikamojic.com\/"],"url":"https:\/\/grafikamojic.com\/sq\/author\/zlatkop\/"}]}},"_links":{"self":[{"href":"https:\/\/grafikamojic.com\/sq\/wp-json\/wp\/v2\/posts\/5342","targetHints":{"allow":["GET"]}}],"collection":[{"href":"https:\/\/grafikamojic.com\/sq\/wp-json\/wp\/v2\/posts"}],"about":[{"href":"https:\/\/grafikamojic.com\/sq\/wp-json\/wp\/v2\/types\/post"}],"author":[{"embeddable":true,"href":"https:\/\/grafikamojic.com\/sq\/wp-json\/wp\/v2\/users\/2"}],"replies":[{"embeddable":true,"href":"https:\/\/grafikamojic.com\/sq\/wp-json\/wp\/v2\/comments?post=5342"}],"version-history":[{"count":10,"href":"https:\/\/grafikamojic.com\/sq\/wp-json\/wp\/v2\/posts\/5342\/revisions"}],"predecessor-version":[{"id":5354,"href":"https:\/\/grafikamojic.com\/sq\/wp-json\/wp\/v2\/posts\/5342\/revisions\/5354"}],"wp:attachment":[{"href":"https:\/\/grafikamojic.com\/sq\/wp-json\/wp\/v2\/media?parent=5342"}],"wp:term":[{"taxonomy":"category","embeddable":true,"href":"https:\/\/grafikamojic.com\/sq\/wp-json\/wp\/v2\/categories?post=5342"},{"taxonomy":"post_tag","embeddable":true,"href":"https:\/\/grafikamojic.com\/sq\/wp-json\/wp\/v2\/tags?post=5342"}],"curies":[{"name":"wp","href":"https:\/\/api.w.org\/{rel}","templated":true}]}}